{"id":26435,"date":"2021-02-25T23:26:19","date_gmt":"2021-02-25T22:26:19","guid":{"rendered":"https:\/\/zsme.tarnow.pl\/wp\/?p=26435"},"modified":"2021-02-25T23:27:21","modified_gmt":"2021-02-25T22:27:21","slug":"pamiec-i-tozsamosc-i-festiwal-kultury-narodowej-2021","status":"publish","type":"post","link":"https:\/\/zsme.tarnow.pl\/wp\/pamiec-i-tozsamosc-i-festiwal-kultury-narodowej-2021\/","title":{"rendered":"&#8222;Pami\u0119\u0107 i to\u017csamo\u015b\u0107&#8221; &#8211; I Festiwal Kultury Narodowej 2021"},"content":{"rendered":"\n<p><strong>Burmistrz niepodleg\u0142o\u015bci<\/strong>.<\/p>\n\n\n\n<p>Opowie\u015b\u0107 o ma\u0142o znanej w polskiej historii postaci Tadeusza Tertila, burmistrza Tarnowa w latach 1907-1923. Wnukowie Tertila, Roman i Ryszard, opowiadaj\u0105 o dokonaniach dziadka i jego zas\u0142ugach dla Tarnowa, Galicji i Polski.<\/p>\n\n\n\n<p><a href=\"https:\/\/fkn.tvp.pl\/52363871\/burmistrz-niepodleglosci\">Burmistrz Niepodleg\u0142o\u015bci (tvp.pl)<\/a><\/p>\n\n\n\n<p>Kraj pochodzenia, rok produkcji: Polska, 2018<br>Czas trwania: 53 minut<br>Re\u017cyseria: Pawe\u0142 Sroka<\/p>\n","protected":false},"excerpt":{"rendered":"<p>Opowie\u015b\u0107 o ma\u0142o znanej w polskiej historii postaci Tadeusza Tertila, burmistrza Tarnowa w latach 1907-1923. Wnukowie Tertila, Roman i Ryszard, opowiadaj\u0105 o dokonaniach dziadka i jego zas\u0142ugach dla Tarnowa, Galicji i Polski.<\/p>\n","protected":false},"author":9,"featured_media":26437,"comment_status":"open","ping_status":"open","sticky":false,"template":"","format":"standard","meta":{"ngg_post_thumbnail":0,"footnotes":""},"categories":[10],"tags":[],"class_list":["post-26435","post","type-post","status-publish","format-standard","has-post-thumbnail","hentry","category-events"],"_links":{"self":[{"href":"https:\/\/zsme.tarnow.pl\/wp\/wp-json\/wp\/v2\/posts\/26435","targetHints":{"allow":["GET"]}}],"collection":[{"href":"https:\/\/zsme.tarnow.pl\/wp\/wp-json\/wp\/v2\/posts"}],"about":[{"href":"https:\/\/zsme.tarnow.pl\/wp\/wp-json\/wp\/v2\/types\/post"}],"author":[{"embeddable":true,"href":"https:\/\/zsme.tarnow.pl\/wp\/wp-json\/wp\/v2\/users\/9"}],"replies":[{"embeddable":true,"href":"https:\/\/zsme.tarnow.pl\/wp\/wp-json\/wp\/v2\/comments?post=26435"}],"version-history":[{"count":1,"href":"https:\/\/zsme.tarnow.pl\/wp\/wp-json\/wp\/v2\/posts\/26435\/revisions"}],"predecessor-version":[{"id":26436,"href":"https:\/\/zsme.tarnow.pl\/wp\/wp-json\/wp\/v2\/posts\/26435\/revisions\/26436"}],"wp:featuredmedia":[{"embeddable":true,"href":"https:\/\/zsme.tarnow.pl\/wp\/wp-json\/wp\/v2\/media\/26437"}],"wp:attachment":[{"href":"https:\/\/zsme.tarnow.pl\/wp\/wp-json\/wp\/v2\/media?parent=26435"}],"wp:term":[{"taxonomy":"category","embeddable":true,"href":"https:\/\/zsme.tarnow.pl\/wp\/wp-json\/wp\/v2\/categories?post=26435"},{"taxonomy":"post_tag","embeddable":true,"href":"https:\/\/zsme.tarnow.pl\/wp\/wp-json\/wp\/v2\/tags?post=26435"}],"curies":[{"name":"wp","href":"https:\/\/api.w.org\/{rel}","templated":true}]}}